{"id":4505,"date":"2026-05-03T10:42:04","date_gmt":"2026-05-03T10:42:04","guid":{"rendered":"https:\/\/mediatalenti.hr\/novo\/?p=4505"},"modified":"2026-05-03T10:57:29","modified_gmt":"2026-05-03T10:57:29","slug":"praksa-info","status":"publish","type":"post","link":"https:\/\/mediatalenti.hr\/novo\/praksa-info\/","title":{"rendered":"Pokrenuli smo portal Praksa.info"},"content":{"rendered":"<section class=\"text-token-text-primary w-full focus:outline-none [--shadow-height:45px] has-data-writing-block:pointer-events-none has-data-writing-block:-mt-(--shadow-height) has-data-writing-block:pt-(--shadow-height) [&amp;:has([data-writing-block])&gt;*]:pointer-events-auto R6Vx5W_threadScrollVars scroll-mb-[calc(var(--scroll-root-safe-area-inset-bottom,0px)+var(--thread-response-height))] scroll-mt-(--header-height)\" dir=\"auto\" data-turn-id=\"fca2f330-73c2-44a3-8562-abc511efd145\" data-testid=\"conversation-turn-1\" data-scroll-anchor=\"false\" data-turn=\"user\"><\/section>\n<section class=\"text-token-text-primary w-full focus:outline-none [--shadow-height:45px] has-data-writing-block:pointer-events-none has-data-writing-block:-mt-(--shadow-height) has-data-writing-block:pt-(--shadow-height) [&amp;:has([data-writing-block])&gt;*]:pointer-events-auto [content-visibility:auto] supports-[content-visibility:auto]:[contain-intrinsic-size:auto_100lvh] R6Vx5W_threadScrollVars scroll-mb-[calc(var(--scroll-root-safe-area-inset-bottom,0px)+var(--thread-response-height))] scroll-mt-[calc(var(--header-height)+min(200px,max(70px,20svh)))]\" dir=\"auto\" data-turn-id=\"request-WEB:9ae39882-70f4-4c2c-91a5-f06a205a9286-0\" data-testid=\"conversation-turn-2\" data-scroll-anchor=\"false\" data-turn=\"assistant\">\n<div class=\"text-base my-auto mx-auto pb-10 [--thread-content-margin:var(--thread-content-margin-xs,calc(var(--spacing)*4))] @w-sm\/main:[--thread-content-margin:var(--thread-content-margin-sm,calc(var(--spacing)*6))] @w-lg\/main:[--thread-content-margin:var(--thread-content-margin-lg,calc(var(--spacing)*16))] px-(--thread-content-margin)\">\n<div class=\"[--thread-content-max-width:40rem] @w-lg\/main:[--thread-content-max-width:48rem] mx-auto max-w-(--thread-content-max-width) flex-1 group\/turn-messages focus-visible:outline-hidden relative flex w-full min-w-0 flex-col agent-turn\">\n<div class=\"flex max-w-full flex-col gap-4 grow\">\n<div class=\"min-h-8 text-message relative flex w-full flex-col items-end gap-2 text-start break-words whitespace-normal outline-none keyboard-focused:focus-ring [.text-message+&amp;]:mt-1\" dir=\"auto\" tabindex=\"0\" data-message-author-role=\"assistant\" data-message-id=\"9a44f377-8ebf-4c62-bb49-98db71e0b25f\" data-message-model-slug=\"gpt-5-3\" data-turn-start-message=\"true\">\n<div class=\"flex w-full flex-col gap-1 empty:hidden\">\n<div class=\"markdown prose dark:prose-invert w-full wrap-break-word light markdown-new-styling\">\n<p data-start=\"0\" data-end=\"194\">Povodom 10 godina postojanja udruge Media talenti pokrenuli smo <a href=\"https:\/\/praksa.info\/\"><strong data-start=\"14\" data-end=\"29\">Praksa.info<\/strong><\/a> \u2013 portal koji je nastao iz stvarne potrebe, ali i iz dugogodi\u0161njeg rada u \u0161koli, s u\u010denicima, nastavnicima i projektima koji \u010desto ostaju nevidljivi \u0161iroj javnosti.<\/p>\n<p data-start=\"0\" data-end=\"194\"><img loading=\"lazy\" decoding=\"async\" class=\"alignnone  wp-image-4509\" src=\"https:\/\/mediatalenti.hr\/novo\/wp-content\/uploads\/2026\/05\/0M3A1357-300x200.jpg\" alt=\"\" width=\"492\" height=\"328\" srcset=\"https:\/\/mediatalenti.hr\/novo\/wp-content\/uploads\/2026\/05\/0M3A1357-300x200.jpg 300w, https:\/\/mediatalenti.hr\/novo\/wp-content\/uploads\/2026\/05\/0M3A1357-1024x683.jpg 1024w, https:\/\/mediatalenti.hr\/novo\/wp-content\/uploads\/2026\/05\/0M3A1357-768x512.jpg 768w, https:\/\/mediatalenti.hr\/novo\/wp-content\/uploads\/2026\/05\/0M3A1357-1536x1024.jpg 1536w, https:\/\/mediatalenti.hr\/novo\/wp-content\/uploads\/2026\/05\/0M3A1357.jpg 1600w\" sizes=\"auto, (max-width: 492px) 100vw, 492px\" \/><\/p>\n<p data-start=\"196\" data-end=\"405\">U moru vijesti u kojima obrazovanje naj\u010de\u0161\u0107e dolazi u fokus tek kada se dogodi problem, htjeli smo stvoriti prostor za ne\u0161to druga\u010dije \u2013 za pri\u010de koje pokazuju koliko se u \u0161kolama radi, stvara, u\u010di i uspijeva.<\/p>\n<p data-start=\"196\" data-end=\"405\"><img loading=\"lazy\" decoding=\"async\" class=\"alignnone  wp-image-4510\" src=\"https:\/\/mediatalenti.hr\/novo\/wp-content\/uploads\/2026\/05\/Snimka-zaslona-2026-05-03-124623-300x245.png\" alt=\"\" width=\"487\" height=\"398\" srcset=\"https:\/\/mediatalenti.hr\/novo\/wp-content\/uploads\/2026\/05\/Snimka-zaslona-2026-05-03-124623-300x245.png 300w, https:\/\/mediatalenti.hr\/novo\/wp-content\/uploads\/2026\/05\/Snimka-zaslona-2026-05-03-124623-768x628.png 768w, https:\/\/mediatalenti.hr\/novo\/wp-content\/uploads\/2026\/05\/Snimka-zaslona-2026-05-03-124623.png 836w\" sizes=\"auto, (max-width: 487px) 100vw, 487px\" \/><\/p>\n<p data-start=\"407\" data-end=\"521\"><a href=\"https:\/\/praksa.info\/\"><strong data-start=\"407\" data-end=\"422\">Praksa.info<\/strong><\/a> nije portal brzih i povr\u0161nih vijesti.<br data-start=\"460\" data-end=\"463\">To je mjesto gdje obrazovanje dobiva glas kakav zaslu\u017euje.<\/p>\n<p data-start=\"523\" data-end=\"811\">Na portalu \u0107ete prona\u0107i:<br \/>\n\u2013 primjere dobre prakse iz \u0161kola<br data-start=\"580\" data-end=\"583\">\u2013 pri\u010de iz u\u010dionica, radionica i \u0161kolskih projekata<br data-start=\"634\" data-end=\"637\">\u2013 teme vezane uz strukovna zanimanja i tr\u017ei\u0161te rada<br data-start=\"688\" data-end=\"691\">\u2013 informacije korisne u\u010denicima, roditeljima i nastavnicima<br data-start=\"750\" data-end=\"753\">\u2013 razgovore s ljudima koji mijenjaju obrazovanje iznutra<\/p>\n<p data-start=\"523\" data-end=\"811\"><img loading=\"lazy\" decoding=\"async\" class=\"alignnone  wp-image-4511\" src=\"https:\/\/mediatalenti.hr\/novo\/wp-content\/uploads\/2026\/05\/0M3A1303-300x200.jpg\" alt=\"\" width=\"419\" height=\"279\" srcset=\"https:\/\/mediatalenti.hr\/novo\/wp-content\/uploads\/2026\/05\/0M3A1303-300x200.jpg 300w, https:\/\/mediatalenti.hr\/novo\/wp-content\/uploads\/2026\/05\/0M3A1303-1024x683.jpg 1024w, https:\/\/mediatalenti.hr\/novo\/wp-content\/uploads\/2026\/05\/0M3A1303-768x512.jpg 768w, https:\/\/mediatalenti.hr\/novo\/wp-content\/uploads\/2026\/05\/0M3A1303-1536x1024.jpg 1536w, https:\/\/mediatalenti.hr\/novo\/wp-content\/uploads\/2026\/05\/0M3A1303.jpg 1600w\" sizes=\"auto, (max-width: 419px) 100vw, 419px\" \/><\/p>\n<p data-start=\"813\" data-end=\"961\">Poseban naglasak stavljam na strukovno obrazovanje \u2013 jer upravo tu nastaju vje\u0161tine koje grade dru\u0161tvo, a o kojima se jo\u0161 uvijek premalo govori.<\/p>\n<p data-start=\"963\" data-end=\"1144\">Ovo je ujedno i poziv svima vama \u2013 nastavnicima, ravnateljima, stru\u010dnim suradnicima, ali i u\u010denicima \u2013 da podijelite svoje pri\u010de.<br data-start=\"1092\" data-end=\"1095\">Jer dobre pri\u010de postoje. Samo ih treba ispri\u010dati.<\/p>\n<p data-start=\"963\" data-end=\"1144\"><a href=\"https:\/\/www.facebook.com\/profile.php?id=61586340778937\"><img loading=\"lazy\" decoding=\"async\" class=\"alignnone  wp-image-4501\" src=\"https:\/\/mediatalenti.hr\/novo\/wp-content\/uploads\/2026\/03\/Praksa.info-2-300x169.png\" alt=\"\" width=\"492\" height=\"277\" srcset=\"https:\/\/mediatalenti.hr\/novo\/wp-content\/uploads\/2026\/03\/Praksa.info-2-300x169.png 300w, https:\/\/mediatalenti.hr\/novo\/wp-content\/uploads\/2026\/03\/Praksa.info-2-1024x576.png 1024w, https:\/\/mediatalenti.hr\/novo\/wp-content\/uploads\/2026\/03\/Praksa.info-2-768x432.png 768w, https:\/\/mediatalenti.hr\/novo\/wp-content\/uploads\/2026\/03\/Praksa.info-2-1536x864.png 1536w, https:\/\/mediatalenti.hr\/novo\/wp-content\/uploads\/2026\/03\/Praksa.info-2.png 1920w\" sizes=\"auto, (max-width: 492px) 100vw, 492px\" \/><\/a><\/p>\n<p data-start=\"1146\" data-end=\"1271\">Ako vjerujete da obrazovanje zaslu\u017euje vi\u0161e prostora, vi\u0161e po\u0161tovanja i vi\u0161e istine \u2013 onda je <a href=\"https:\/\/praksa.info\/\"><strong data-start=\"1242\" data-end=\"1257\">Praksa.info<\/strong><\/a> i va\u0161 portal.<\/p>\n<p data-start=\"1273\" data-end=\"1314\" data-is-last-node=\"\" data-is-only-node=\"\">Zapratite portal na dru\u0161tvenim mre\u017eama <a href=\"https:\/\/www.facebook.com\/profile.php?id=61586340778937\">FACEBOOK<\/a> , <a href=\"https:\/\/www.tiktok.com\/@oigsskola\">TikTok<\/a>, <a href=\"https:\/\/www.instagram.com\/praksa.info\/\">Instagram<\/a> \u010ditajte i budite dio na\u0161e pri\u010de.&nbsp;&nbsp;<\/p>\n<\/div>\n<\/div>\n<\/div>\n<\/div>\n<\/div>\n<\/div>\n<\/section>\n","protected":false},"excerpt":{"rendered":"<p>Povodom 10 godina postojanja udruge Media talenti pokrenuli smo Praksa.info \u2013 portal koji je nastao iz stvarne potrebe, ali i iz dugogodi\u0161njeg rada u \u0161koli, s u\u010denicima, nastavnicima i projektima koji \u010desto ostaju nevidljivi \u0161iroj javnosti. U moru vijesti u kojima obrazovanje naj\u010de\u0161\u0107e dolazi u fokus tek kada se dogodi problem, htjeli smo stvoriti prostor &hellip; <\/p>\n<p class=\"link-more\"><a href=\"https:\/\/mediatalenti.hr\/novo\/praksa-info\/\" class=\"more-link\">Nastavi \u010ditati<span class=\"screen-reader-text\"> &#8220;Pokrenuli smo portal Praksa.info&#8221;<\/span><\/a><\/p>\n","protected":false},"author":2,"featured_media":4508,"comment_status":"open","ping_status":"open","sticky":false,"template":"","format":"standard","meta":{"ngg_post_thumbnail":0,"footnotes":""},"categories":[1],"tags":[],"class_list":["post-4505","post","type-post","status-publish","format-standard","has-post-thumbnail","hentry","category-uncategorized"],"yoast_head":"<!-- This site is optimized with the Yoast SEO plugin v27.5 - https:\/\/yoast.com\/product\/yoast-seo-wordpress\/ -->\n<title>Pokrenuli smo portal Praksa.info - Media talenti<\/title>\n<meta name=\"robots\" content=\"index, follow, max-snippet:-1, max-image-preview:large, max-video-preview:-1\" \/>\n<link rel=\"canonical\" href=\"https:\/\/mediatalenti.hr\/novo\/praksa-info\/\" \/>\n<meta property=\"og:locale\" content=\"hr_HR\" \/>\n<meta property=\"og:type\" content=\"article\" \/>\n<meta property=\"og:title\" content=\"Pokrenuli smo portal Praksa.info - Media talenti\" \/>\n<meta property=\"og:description\" content=\"Povodom 10 godina postojanja udruge Media talenti pokrenuli smo Praksa.info \u2013 portal koji je nastao iz stvarne potrebe, ali i iz dugogodi\u0161njeg rada u \u0161koli, s u\u010denicima, nastavnicima i projektima koji \u010desto ostaju nevidljivi \u0161iroj javnosti. U moru vijesti u kojima obrazovanje naj\u010de\u0161\u0107e dolazi u fokus tek kada se dogodi problem, htjeli smo stvoriti prostor &hellip; Nastavi \u010ditati &quot;Pokrenuli smo portal Praksa.info&quot;\" \/>\n<meta property=\"og:url\" content=\"https:\/\/mediatalenti.hr\/novo\/praksa-info\/\" \/>\n<meta property=\"og:site_name\" content=\"Media talenti\" \/>\n<meta property=\"article:publisher\" content=\"https:\/\/www.facebook.com\/majstori.tv\/\" \/>\n<meta property=\"article:published_time\" content=\"2026-05-03T10:42:04+00:00\" \/>\n<meta property=\"article:modified_time\" content=\"2026-05-03T10:57:29+00:00\" \/>\n<meta property=\"og:image\" content=\"https:\/\/mediatalenti.hr\/novo\/wp-content\/uploads\/2026\/05\/Snimka-zaslona-2026-05-03-124530.png\" \/>\n\t<meta property=\"og:image:width\" content=\"1372\" \/>\n\t<meta property=\"og:image:height\" content=\"745\" \/>\n\t<meta property=\"og:image:type\" content=\"image\/png\" \/>\n<meta name=\"author\" content=\"Silvia\" \/>\n<meta name=\"twitter:card\" content=\"summary_large_image\" \/>\n<meta name=\"twitter:label1\" content=\"Napisao\/la\" \/>\n\t<meta name=\"twitter:data1\" content=\"Silvia\" \/>\n\t<meta name=\"twitter:label2\" content=\"Procijenjeno vrijeme \u010ditanja\" \/>\n\t<meta name=\"twitter:data2\" content=\"3 minute\" \/>\n<script type=\"application\/ld+json\" class=\"yoast-schema-graph\">{\"@context\":\"https:\\\/\\\/schema.org\",\"@graph\":[{\"@type\":\"Article\",\"@id\":\"https:\\\/\\\/mediatalenti.hr\\\/novo\\\/praksa-info\\\/#article\",\"isPartOf\":{\"@id\":\"https:\\\/\\\/mediatalenti.hr\\\/novo\\\/praksa-info\\\/\"},\"author\":{\"name\":\"Silvia\",\"@id\":\"https:\\\/\\\/mediatalenti.hr\\\/novo\\\/#\\\/schema\\\/person\\\/1367d914213a8f231a9fbde57ce8401b\"},\"headline\":\"Pokrenuli smo portal Praksa.info\",\"datePublished\":\"2026-05-03T10:42:04+00:00\",\"dateModified\":\"2026-05-03T10:57:29+00:00\",\"mainEntityOfPage\":{\"@id\":\"https:\\\/\\\/mediatalenti.hr\\\/novo\\\/praksa-info\\\/\"},\"wordCount\":244,\"commentCount\":0,\"publisher\":{\"@id\":\"https:\\\/\\\/mediatalenti.hr\\\/novo\\\/#organization\"},\"image\":{\"@id\":\"https:\\\/\\\/mediatalenti.hr\\\/novo\\\/praksa-info\\\/#primaryimage\"},\"thumbnailUrl\":\"https:\\\/\\\/mediatalenti.hr\\\/novo\\\/wp-content\\\/uploads\\\/2026\\\/05\\\/Snimka-zaslona-2026-05-03-124530.png\",\"articleSection\":[\"Uncategorized\"],\"inLanguage\":\"hr\",\"potentialAction\":[{\"@type\":\"CommentAction\",\"name\":\"Comment\",\"target\":[\"https:\\\/\\\/mediatalenti.hr\\\/novo\\\/praksa-info\\\/#respond\"]}]},{\"@type\":\"WebPage\",\"@id\":\"https:\\\/\\\/mediatalenti.hr\\\/novo\\\/praksa-info\\\/\",\"url\":\"https:\\\/\\\/mediatalenti.hr\\\/novo\\\/praksa-info\\\/\",\"name\":\"Pokrenuli smo portal Praksa.info - Media talenti\",\"isPartOf\":{\"@id\":\"https:\\\/\\\/mediatalenti.hr\\\/novo\\\/#website\"},\"primaryImageOfPage\":{\"@id\":\"https:\\\/\\\/mediatalenti.hr\\\/novo\\\/praksa-info\\\/#primaryimage\"},\"image\":{\"@id\":\"https:\\\/\\\/mediatalenti.hr\\\/novo\\\/praksa-info\\\/#primaryimage\"},\"thumbnailUrl\":\"https:\\\/\\\/mediatalenti.hr\\\/novo\\\/wp-content\\\/uploads\\\/2026\\\/05\\\/Snimka-zaslona-2026-05-03-124530.png\",\"datePublished\":\"2026-05-03T10:42:04+00:00\",\"dateModified\":\"2026-05-03T10:57:29+00:00\",\"breadcrumb\":{\"@id\":\"https:\\\/\\\/mediatalenti.hr\\\/novo\\\/praksa-info\\\/#breadcrumb\"},\"inLanguage\":\"hr\",\"potentialAction\":[{\"@type\":\"ReadAction\",\"target\":[\"https:\\\/\\\/mediatalenti.hr\\\/novo\\\/praksa-info\\\/\"]}]},{\"@type\":\"ImageObject\",\"inLanguage\":\"hr\",\"@id\":\"https:\\\/\\\/mediatalenti.hr\\\/novo\\\/praksa-info\\\/#primaryimage\",\"url\":\"https:\\\/\\\/mediatalenti.hr\\\/novo\\\/wp-content\\\/uploads\\\/2026\\\/05\\\/Snimka-zaslona-2026-05-03-124530.png\",\"contentUrl\":\"https:\\\/\\\/mediatalenti.hr\\\/novo\\\/wp-content\\\/uploads\\\/2026\\\/05\\\/Snimka-zaslona-2026-05-03-124530.png\",\"width\":1372,\"height\":745},{\"@type\":\"BreadcrumbList\",\"@id\":\"https:\\\/\\\/mediatalenti.hr\\\/novo\\\/praksa-info\\\/#breadcrumb\",\"itemListElement\":[{\"@type\":\"ListItem\",\"position\":1,\"name\":\"Po\u010detna stranica\",\"item\":\"https:\\\/\\\/mediatalenti.hr\\\/novo\\\/\"},{\"@type\":\"ListItem\",\"position\":2,\"name\":\"Pokrenuli smo portal Praksa.info\"}]},{\"@type\":\"WebSite\",\"@id\":\"https:\\\/\\\/mediatalenti.hr\\\/novo\\\/#website\",\"url\":\"https:\\\/\\\/mediatalenti.hr\\\/novo\\\/\",\"name\":\"Media talenti\",\"description\":\"Udruga za izradu multimedijskog sadr\u017eaja\",\"publisher\":{\"@id\":\"https:\\\/\\\/mediatalenti.hr\\\/novo\\\/#organization\"},\"potentialAction\":[{\"@type\":\"SearchAction\",\"target\":{\"@type\":\"EntryPoint\",\"urlTemplate\":\"https:\\\/\\\/mediatalenti.hr\\\/novo\\\/?s={search_term_string}\"},\"query-input\":{\"@type\":\"PropertyValueSpecification\",\"valueRequired\":true,\"valueName\":\"search_term_string\"}}],\"inLanguage\":\"hr\"},{\"@type\":\"Organization\",\"@id\":\"https:\\\/\\\/mediatalenti.hr\\\/novo\\\/#organization\",\"name\":\"Media Talenti\",\"url\":\"https:\\\/\\\/mediatalenti.hr\\\/novo\\\/\",\"logo\":{\"@type\":\"ImageObject\",\"inLanguage\":\"hr\",\"@id\":\"https:\\\/\\\/mediatalenti.hr\\\/novo\\\/#\\\/schema\\\/logo\\\/image\\\/\",\"url\":\"https:\\\/\\\/mediatalenti.hr\\\/novo\\\/wp-content\\\/uploads\\\/2020\\\/07\\\/cropped-logo2-ok.png\",\"contentUrl\":\"https:\\\/\\\/mediatalenti.hr\\\/novo\\\/wp-content\\\/uploads\\\/2020\\\/07\\\/cropped-logo2-ok.png\",\"width\":512,\"height\":512,\"caption\":\"Media Talenti\"},\"image\":{\"@id\":\"https:\\\/\\\/mediatalenti.hr\\\/novo\\\/#\\\/schema\\\/logo\\\/image\\\/\"},\"sameAs\":[\"https:\\\/\\\/www.facebook.com\\\/majstori.tv\\\/\"]},{\"@type\":\"Person\",\"@id\":\"https:\\\/\\\/mediatalenti.hr\\\/novo\\\/#\\\/schema\\\/person\\\/1367d914213a8f231a9fbde57ce8401b\",\"name\":\"Silvia\",\"image\":{\"@type\":\"ImageObject\",\"inLanguage\":\"hr\",\"@id\":\"https:\\\/\\\/secure.gravatar.com\\\/avatar\\\/f4b1c28b3fdd2f974623a62db0718469dc3e6fed46f5bbbc62aea1e9dcd6a747?s=96&d=mm&r=g\",\"url\":\"https:\\\/\\\/secure.gravatar.com\\\/avatar\\\/f4b1c28b3fdd2f974623a62db0718469dc3e6fed46f5bbbc62aea1e9dcd6a747?s=96&d=mm&r=g\",\"contentUrl\":\"https:\\\/\\\/secure.gravatar.com\\\/avatar\\\/f4b1c28b3fdd2f974623a62db0718469dc3e6fed46f5bbbc62aea1e9dcd6a747?s=96&d=mm&r=g\",\"caption\":\"Silvia\"},\"url\":\"https:\\\/\\\/mediatalenti.hr\\\/novo\\\/author\\\/silvia\\\/\"}]}<\/script>\n<!-- \/ Yoast SEO plugin. -->","yoast_head_json":{"title":"Pokrenuli smo portal Praksa.info - Media talenti","robots":{"index":"index","follow":"follow","max-snippet":"max-snippet:-1","max-image-preview":"max-image-preview:large","max-video-preview":"max-video-preview:-1"},"canonical":"https:\/\/mediatalenti.hr\/novo\/praksa-info\/","og_locale":"hr_HR","og_type":"article","og_title":"Pokrenuli smo portal Praksa.info - Media talenti","og_description":"Povodom 10 godina postojanja udruge Media talenti pokrenuli smo Praksa.info \u2013 portal koji je nastao iz stvarne potrebe, ali i iz dugogodi\u0161njeg rada u \u0161koli, s u\u010denicima, nastavnicima i projektima koji \u010desto ostaju nevidljivi \u0161iroj javnosti. U moru vijesti u kojima obrazovanje naj\u010de\u0161\u0107e dolazi u fokus tek kada se dogodi problem, htjeli smo stvoriti prostor &hellip; Nastavi \u010ditati \"Pokrenuli smo portal Praksa.info\"","og_url":"https:\/\/mediatalenti.hr\/novo\/praksa-info\/","og_site_name":"Media talenti","article_publisher":"https:\/\/www.facebook.com\/majstori.tv\/","article_published_time":"2026-05-03T10:42:04+00:00","article_modified_time":"2026-05-03T10:57:29+00:00","og_image":[{"width":1372,"height":745,"url":"https:\/\/mediatalenti.hr\/novo\/wp-content\/uploads\/2026\/05\/Snimka-zaslona-2026-05-03-124530.png","type":"image\/png"}],"author":"Silvia","twitter_card":"summary_large_image","twitter_misc":{"Napisao\/la":"Silvia","Procijenjeno vrijeme \u010ditanja":"3 minute"},"schema":{"@context":"https:\/\/schema.org","@graph":[{"@type":"Article","@id":"https:\/\/mediatalenti.hr\/novo\/praksa-info\/#article","isPartOf":{"@id":"https:\/\/mediatalenti.hr\/novo\/praksa-info\/"},"author":{"name":"Silvia","@id":"https:\/\/mediatalenti.hr\/novo\/#\/schema\/person\/1367d914213a8f231a9fbde57ce8401b"},"headline":"Pokrenuli smo portal Praksa.info","datePublished":"2026-05-03T10:42:04+00:00","dateModified":"2026-05-03T10:57:29+00:00","mainEntityOfPage":{"@id":"https:\/\/mediatalenti.hr\/novo\/praksa-info\/"},"wordCount":244,"commentCount":0,"publisher":{"@id":"https:\/\/mediatalenti.hr\/novo\/#organization"},"image":{"@id":"https:\/\/mediatalenti.hr\/novo\/praksa-info\/#primaryimage"},"thumbnailUrl":"https:\/\/mediatalenti.hr\/novo\/wp-content\/uploads\/2026\/05\/Snimka-zaslona-2026-05-03-124530.png","articleSection":["Uncategorized"],"inLanguage":"hr","potentialAction":[{"@type":"CommentAction","name":"Comment","target":["https:\/\/mediatalenti.hr\/novo\/praksa-info\/#respond"]}]},{"@type":"WebPage","@id":"https:\/\/mediatalenti.hr\/novo\/praksa-info\/","url":"https:\/\/mediatalenti.hr\/novo\/praksa-info\/","name":"Pokrenuli smo portal Praksa.info - Media talenti","isPartOf":{"@id":"https:\/\/mediatalenti.hr\/novo\/#website"},"primaryImageOfPage":{"@id":"https:\/\/mediatalenti.hr\/novo\/praksa-info\/#primaryimage"},"image":{"@id":"https:\/\/mediatalenti.hr\/novo\/praksa-info\/#primaryimage"},"thumbnailUrl":"https:\/\/mediatalenti.hr\/novo\/wp-content\/uploads\/2026\/05\/Snimka-zaslona-2026-05-03-124530.png","datePublished":"2026-05-03T10:42:04+00:00","dateModified":"2026-05-03T10:57:29+00:00","breadcrumb":{"@id":"https:\/\/mediatalenti.hr\/novo\/praksa-info\/#breadcrumb"},"inLanguage":"hr","potentialAction":[{"@type":"ReadAction","target":["https:\/\/mediatalenti.hr\/novo\/praksa-info\/"]}]},{"@type":"ImageObject","inLanguage":"hr","@id":"https:\/\/mediatalenti.hr\/novo\/praksa-info\/#primaryimage","url":"https:\/\/mediatalenti.hr\/novo\/wp-content\/uploads\/2026\/05\/Snimka-zaslona-2026-05-03-124530.png","contentUrl":"https:\/\/mediatalenti.hr\/novo\/wp-content\/uploads\/2026\/05\/Snimka-zaslona-2026-05-03-124530.png","width":1372,"height":745},{"@type":"BreadcrumbList","@id":"https:\/\/mediatalenti.hr\/novo\/praksa-info\/#breadcrumb","itemListElement":[{"@type":"ListItem","position":1,"name":"Po\u010detna stranica","item":"https:\/\/mediatalenti.hr\/novo\/"},{"@type":"ListItem","position":2,"name":"Pokrenuli smo portal Praksa.info"}]},{"@type":"WebSite","@id":"https:\/\/mediatalenti.hr\/novo\/#website","url":"https:\/\/mediatalenti.hr\/novo\/","name":"Media talenti","description":"Udruga za izradu multimedijskog sadr\u017eaja","publisher":{"@id":"https:\/\/mediatalenti.hr\/novo\/#organization"},"potentialAction":[{"@type":"SearchAction","target":{"@type":"EntryPoint","urlTemplate":"https:\/\/mediatalenti.hr\/novo\/?s={search_term_string}"},"query-input":{"@type":"PropertyValueSpecification","valueRequired":true,"valueName":"search_term_string"}}],"inLanguage":"hr"},{"@type":"Organization","@id":"https:\/\/mediatalenti.hr\/novo\/#organization","name":"Media Talenti","url":"https:\/\/mediatalenti.hr\/novo\/","logo":{"@type":"ImageObject","inLanguage":"hr","@id":"https:\/\/mediatalenti.hr\/novo\/#\/schema\/logo\/image\/","url":"https:\/\/mediatalenti.hr\/novo\/wp-content\/uploads\/2020\/07\/cropped-logo2-ok.png","contentUrl":"https:\/\/mediatalenti.hr\/novo\/wp-content\/uploads\/2020\/07\/cropped-logo2-ok.png","width":512,"height":512,"caption":"Media Talenti"},"image":{"@id":"https:\/\/mediatalenti.hr\/novo\/#\/schema\/logo\/image\/"},"sameAs":["https:\/\/www.facebook.com\/majstori.tv\/"]},{"@type":"Person","@id":"https:\/\/mediatalenti.hr\/novo\/#\/schema\/person\/1367d914213a8f231a9fbde57ce8401b","name":"Silvia","image":{"@type":"ImageObject","inLanguage":"hr","@id":"https:\/\/secure.gravatar.com\/avatar\/f4b1c28b3fdd2f974623a62db0718469dc3e6fed46f5bbbc62aea1e9dcd6a747?s=96&d=mm&r=g","url":"https:\/\/secure.gravatar.com\/avatar\/f4b1c28b3fdd2f974623a62db0718469dc3e6fed46f5bbbc62aea1e9dcd6a747?s=96&d=mm&r=g","contentUrl":"https:\/\/secure.gravatar.com\/avatar\/f4b1c28b3fdd2f974623a62db0718469dc3e6fed46f5bbbc62aea1e9dcd6a747?s=96&d=mm&r=g","caption":"Silvia"},"url":"https:\/\/mediatalenti.hr\/novo\/author\/silvia\/"}]}},"_links":{"self":[{"href":"https:\/\/mediatalenti.hr\/novo\/wp-json\/wp\/v2\/posts\/4505","targetHints":{"allow":["GET"]}}],"collection":[{"href":"https:\/\/mediatalenti.hr\/novo\/wp-json\/wp\/v2\/posts"}],"about":[{"href":"https:\/\/mediatalenti.hr\/novo\/wp-json\/wp\/v2\/types\/post"}],"author":[{"embeddable":true,"href":"https:\/\/mediatalenti.hr\/novo\/wp-json\/wp\/v2\/users\/2"}],"replies":[{"embeddable":true,"href":"https:\/\/mediatalenti.hr\/novo\/wp-json\/wp\/v2\/comments?post=4505"}],"version-history":[{"count":6,"href":"https:\/\/mediatalenti.hr\/novo\/wp-json\/wp\/v2\/posts\/4505\/revisions"}],"predecessor-version":[{"id":4515,"href":"https:\/\/mediatalenti.hr\/novo\/wp-json\/wp\/v2\/posts\/4505\/revisions\/4515"}],"wp:featuredmedia":[{"embeddable":true,"href":"https:\/\/mediatalenti.hr\/novo\/wp-json\/wp\/v2\/media\/4508"}],"wp:attachment":[{"href":"https:\/\/mediatalenti.hr\/novo\/wp-json\/wp\/v2\/media?parent=4505"}],"wp:term":[{"taxonomy":"category","embeddable":true,"href":"https:\/\/mediatalenti.hr\/novo\/wp-json\/wp\/v2\/categories?post=4505"},{"taxonomy":"post_tag","embeddable":true,"href":"https:\/\/mediatalenti.hr\/novo\/wp-json\/wp\/v2\/tags?post=4505"}],"curies":[{"name":"wp","href":"https:\/\/api.w.org\/{rel}","templated":true}]}}